{"id":1276,"date":"2014-02-23T19:21:59","date_gmt":"2014-02-23T17:21:59","guid":{"rendered":"http:\/\/blog-welt.com\/?p=1276"},"modified":"2021-10-26T23:21:38","modified_gmt":"2021-10-26T21:21:38","slug":"fruchtwelt-bodensee-agrarwelt-mit-spitzenwert","status":"publish","type":"post","link":"https:\/\/blog-welt.com\/?p=1276","title":{"rendered":"Fruchtwelt Bodensee &#038; \u201eagrarwelt\u201c mit Spitzenwert"},"content":{"rendered":"\n<p><img loading=\"lazy\" decoding=\"async\" alt=\"\" src=\"http:\/\/blog-welt.com\/wp-content\/uploads\/60_FRUCHTWELT BODENSEE 2014.jpg\" width=\"590\" height=\"395\">Obstbaubranche am Bodensee Friedrichshafen \u2013<\/p>\n\n\n\n<p>Auch in der sechsten Auflage hat die Fruchtwelt Bodensee ihre Funktion als bedeutende Fachmesse in der europ\u00e4ischen Obstbaubranche unterstrichen. Insgesamt 341 Aussteller aus zw\u00f6lf L\u00e4ndern pr\u00e4sentierten ein umfangreiches Produkt- und Dienstleistungsangebot sowie zahlreiche Innovationen. Mit aktuellen Branchenthemen konnte auch die Parallelveranstaltung \u201eagrarwelt\u201c beim Publikum punkten.  \u201eWir freuen uns, dass unser Messedoppel in diesem Jahr weiter internationale Kreise gezogen hat und die Bedeutung der Veranstaltungen dadurch zunehmend steigt\u201c, erkl\u00e4rt Klaus Wellmann, Gesch\u00e4ftsf\u00fchrer der Messe Friedrichshafen am Schlusstag.Aus insgesamt 21 verschiedenen L\u00e4ndern reiste das Publikum an den Bodensee, unter anderem kamen Fachbesuchergruppen aus Russland, Estland und den USA. Auf den Fachmessen konnten sich die landwirtschaftlichen Unternehmer \u00fcber neueste Entwicklungen und Produkte im Obstanbau, Brennereiwesen, Pflanzenschutz sowie \u00fcber Baumschulen, Agrartechnik und regenerative Energien informieren. \u201eDie Kombination aus aktuellen Fachvortr\u00e4gen, dem umfangreichen Produktangebot und dem Aktionsprogramm vom internationalen Brennertag bis hin zur Modenschau findet bei den Besuchern gro\u00dfen Anklang. Die drei Messetage haben eine hohe Investitionsbereitschaft erkennen lassen und zeigen, dass die Zukunftsperspektiven optimistisch gesehen werden\u201c, bilanziert Projektleiterin Petra Rathgeber. Dies best\u00e4tigt auch Eugen Setz, Gesch\u00e4ftsf\u00fchrer der Obstregion Bodensee: \u201eDer Zuspruch zur Fruchtwelt Bodensee ist sehr gut. Besonders erfreut sind wir \u00fcber den deutlich sp\u00fcrbaren Anstieg der j\u00fcngeren Messebesucher. Weitere Informationen unter: www.fruchtwelt-bodensee.de und www.agrarwelt-bodensee.de<\/p>\n","protected":false},"excerpt":{"rendered":"<p>Obstbaubranche am Bodensee Friedrichshafen \u2013 Auch in der sechsten Auflage hat die Fruchtwelt Bodensee ihre &hellip; <\/p>\n","protected":false},"author":1,"featured_media":2075,"comment_status":"closed","ping_status":"closed","sticky":false,"template":"","format":"standard","meta":{"footnotes":""},"categories":[1,12,13],"tags":[340,339,168,341],"_links":{"self":[{"href":"https:\/\/blog-welt.com\/index.php?rest_route=\/wp\/v2\/posts\/1276"}],"collection":[{"href":"https:\/\/blog-welt.com\/index.php?rest_route=\/wp\/v2\/posts"}],"about":[{"href":"https:\/\/blog-welt.com\/index.php?rest_route=\/wp\/v2\/types\/post"}],"author":[{"embeddable":true,"href":"https:\/\/blog-welt.com\/index.php?rest_route=\/wp\/v2\/users\/1"}],"replies":[{"embeddable":true,"href":"https:\/\/blog-welt.com\/index.php?rest_route=%2Fwp%2Fv2%2Fcomments&post=1276"}],"version-history":[{"count":3,"href":"https:\/\/blog-welt.com\/index.php?rest_route=\/wp\/v2\/posts\/1276\/revisions"}],"predecessor-version":[{"id":2074,"href":"https:\/\/blog-welt.com\/index.php?rest_route=\/wp\/v2\/posts\/1276\/revisions\/2074"}],"wp:featuredmedia":[{"embeddable":true,"href":"https:\/\/blog-welt.com\/index.php?rest_route=\/wp\/v2\/media\/2075"}],"wp:attachment":[{"href":"https:\/\/blog-welt.com\/index.php?rest_route=%2Fwp%2Fv2%2Fmedia&parent=1276"}],"wp:term":[{"taxonomy":"category","embeddable":true,"href":"https:\/\/blog-welt.com\/index.php?rest_route=%2Fwp%2Fv2%2Fcategories&post=1276"},{"taxonomy":"post_tag","embeddable":true,"href":"https:\/\/blog-welt.com\/index.php?rest_route=%2Fwp%2Fv2%2Ftags&post=1276"}],"curies":[{"name":"wp","href":"https:\/\/api.w.org\/{rel}","templated":true}]}}