{"id":707,"date":"2011-05-30T21:14:57","date_gmt":"2011-05-30T19:14:57","guid":{"rendered":"http:\/\/blog-welt.com\/?p=707"},"modified":"2021-11-17T12:13:28","modified_gmt":"2021-11-17T10:13:28","slug":"trendschau-der-outdoor-branche-am-bodensee","status":"publish","type":"post","link":"https:\/\/blog-welt.com\/?p=707","title":{"rendered":"TRENDSHAU BEI DER OUTDOOR"},"content":{"rendered":"\n<p class=\"MsoTitle\"><span style=\"font-size: 17pt; font-family: Arial;\">Globales Gipfeltreffen: <br><\/span><\/p>\n\n\n\n<p class=\"MsoNormal\"><b><span style=\"font-family: Arial;\">Friedrichshafen \u2013 Outdoor hat sich in den vergangenen Jahrzehnten nicht nur als starke Branche etabliert, sondern auch als Lebenseinstellung und gesellschaftlicher Gegenpol. Branchenvertreter und Wissenschaftler sind sich einig: Outdoor wird auch in Zukunft stark sein und die Menschen rund um den Globus ansprechen. <\/span><\/b><\/p>\n\n\n\n<p class=\"MsoNormal\"><span style=\"font-size: 11pt; line-height: 150%; font-family: Arial;\">\u201eIch bin immer wieder erstaunt, wie sehr sich eine Branche insgesamt nach nur einer OutDoor-Messe \u00e4ndern kann\u201c, beschreibt Mark Held, Gesch\u00e4ftsf\u00fchrer der European Outdoor Group (EOG) die Bedeutung der Leitmesse. Nahezu alle Mitglieder des Branchenverbands sind in Friedrichshafen vertreten. Nie zuvor lag die Internationalit\u00e4t h\u00f6her. Die Gesamtzahl der Aussteller ist um drei Prozent auf 890 gestiegen. <\/span><\/p>\n\n\n\n<p class=\"MsoNormal\"><span style=\"font-size: 11pt; line-height: 150%; font-family: Arial;\">\u201eDie Outdoor-Industrie wei\u00df aus langj\u00e4hriger Erfahrung und Zusammenarbeit mit dem Messeteam, dass sie ein starkes und eigenst\u00e4ndiges Forum in Form einer Spezialmesse ben\u00f6tigt, um ihre Eigenst\u00e4ndigkeit zu zeigen und zu bewahren\u201c, erkl\u00e4rt Klaus Wellmann, Gesch\u00e4ftsf\u00fchrer der Messe Friedrichshafen. \u201eDaran werden wir als Messe auch weiterhin arbeiten und f\u00fcr die Outdoor-Branche ma\u00dfgeschneiderte Rahmenbedingungen schaffen.\u201c Die Lage am Bodensee und die N\u00e4he zu den Alpen inspiriert Aussteller, Besucher und Medienvertreter gleicherma\u00dfen und bietet ein authentisches Umfeld f\u00fcr das erfolgreiche Gesch\u00e4ft mit dem Natursport.<\/span><\/p>\n","protected":false},"excerpt":{"rendered":"<p>Globales Gipfeltreffen: Friedrichshafen \u2013 Outdoor hat sich in den vergangenen Jahrzehnten nicht nur als starke &hellip; <\/p>\n","protected":false},"author":5,"featured_media":2063,"comment_status":"closed","ping_status":"closed","sticky":false,"template":"","format":"standard","meta":{"footnotes":""},"categories":[11,13],"tags":[87],"_links":{"self":[{"href":"https:\/\/blog-welt.com\/index.php?rest_route=\/wp\/v2\/posts\/707"}],"collection":[{"href":"https:\/\/blog-welt.com\/index.php?rest_route=\/wp\/v2\/posts"}],"about":[{"href":"https:\/\/blog-welt.com\/index.php?rest_route=\/wp\/v2\/types\/post"}],"author":[{"embeddable":true,"href":"https:\/\/blog-welt.com\/index.php?rest_route=\/wp\/v2\/users\/5"}],"replies":[{"embeddable":true,"href":"https:\/\/blog-welt.com\/index.php?rest_route=%2Fwp%2Fv2%2Fcomments&post=707"}],"version-history":[{"count":3,"href":"https:\/\/blog-welt.com\/index.php?rest_route=\/wp\/v2\/posts\/707\/revisions"}],"predecessor-version":[{"id":2311,"href":"https:\/\/blog-welt.com\/index.php?rest_route=\/wp\/v2\/posts\/707\/revisions\/2311"}],"wp:featuredmedia":[{"embeddable":true,"href":"https:\/\/blog-welt.com\/index.php?rest_route=\/wp\/v2\/media\/2063"}],"wp:attachment":[{"href":"https:\/\/blog-welt.com\/index.php?rest_route=%2Fwp%2Fv2%2Fmedia&parent=707"}],"wp:term":[{"taxonomy":"category","embeddable":true,"href":"https:\/\/blog-welt.com\/index.php?rest_route=%2Fwp%2Fv2%2Fcategories&post=707"},{"taxonomy":"post_tag","embeddable":true,"href":"https:\/\/blog-welt.com\/index.php?rest_route=%2Fwp%2Fv2%2Ftags&post=707"}],"curies":[{"name":"wp","href":"https:\/\/api.w.org\/{rel}","templated":true}]}}